{"id":3002,"date":"2017-03-28T08:30:30","date_gmt":"2017-03-28T07:30:30","guid":{"rendered":"https:\/\/azulae.es\/?p=3002"},"modified":"2021-07-09T11:22:55","modified_gmt":"2021-07-09T11:22:55","slug":"telecamere-tic-2017","status":"publish","type":"post","link":"https:\/\/grupoazulae.com\/it\/gruppo-azulae\/telecamere-tic-2017\/","title":{"rendered":"Programma TIC Chambers 2017"},"content":{"rendered":"<p>\u00c8 arrivato il programma ICT Cameras 2017! <strong>Il prossimo 19 maggio a partire dalle ore 9:00.<\/strong> verr\u00e0 pubblicato il bando per la presentazione delle domande <a href=\"http:\/\/www.camarabadajoz.es\/web\/\">Aiuti finanziari della Camera di Commercio di Badajoz per migliorare l&#039;ICT<\/a> (Tecnologie dell&#039;informazione e della comunicazione), sui suoi popolari programmi InnoC\u00e1maras, TIC C\u00e1maras e sul turismo, che offre aiuti finanziari finanziati dal Fondo europeo di sviluppo regionale (FESR) fino a 80% su un massimo di 7.000 euro. L&#039;ulteriore 20% \u00e8 finanziato dalla Camera di Commercio di Badajoz e dalle aziende beneficiarie.<\/p>\n<p>Da parte sua, come negli anni precedenti, il programma ICT Chambers del 2017 mira a migliorare la competitivit\u00e0 e la produttivit\u00e0 delle aziende attraverso l&#039;integrazione di nuove tecnologie: strumenti di produttivit\u00e0 basati sul cloud, e-commerce e marketing digitale.<\/p>\n<p>Per quanto riguarda l&#039;importo, la prima fase avr\u00e0 un costo massimo di 1.200 \u20ac, che sar\u00e0 gratuito per l&#039;azienda beneficiaria. Sar\u00e0 prefinanziato dalla Camera di Commercio e finanziato interamente da FEDER e dalla Camera di Commercio di Badajoz.<\/p>\n<p>La seconda fase ha un costo massimo di 7.000 \u20ac, interamente prefinanziato dall&#039;impresa beneficiaria e cofinanziato dall&#039;80% attraverso il FESR, il che significa che l&#039;aiuto sar\u00e0 di 5.600 \u20ac per impresa.<\/p>\n<p>La scadenza per la presentazione delle domande \u00e8 il 30 novembre 2017 alle ore 14:00, o fino ad esaurimento del budget.<\/p>\n<p><strong>azzurre<\/strong>, come nel bando precedente, sar\u00e0 una delle aziende che prester\u00e0 i propri servizi nell&#039;ambito del programma TIC C\u00e1maras 2017 della Camera di Commercio. Se hai un progetto in mente, ce ne occuperemo dall&#039;inizio alla fine.<\/p>\n<h3>Chi sono i destinatari del programma ICT Chambers del 2017?<\/h3>\n<p>Secondo le informazioni fornite dalla stessa Camera di Commercio, gli unici requisiti richiesti sono:<\/p>\n<p>I beneficiari saranno le PMI e le persone fisiche iscritte al Regime Speciale dei Lavoratori Autonomi nell&#039;ambito della Camera di Commercio di Badajoz e registrate nel Censimento dell&#039;IAE.<\/p>\n<ul>\n<li>Essere un&#039;azienda ubicata all&#039;interno del territorio della Camera di Commercio di Badajoz.<\/li>\n<li>Essere una piccola o media impresa, oppure un lavoratore autonomo, secondo la definizione di PMI dell&#039;Unione Europea (secondo le attuali definizioni dell&#039;UE, attualmente la raccomandazione 2003\/361\/CE della Commissione).<\/li>\n<li>Siate aggiornati con i vostri obblighi fiscali e previdenziali.<\/li>\n<li>Rispettare le norme sugli aiuti de minimis come previsto dal Regolamento (CE) 1998\/2006. Possedere il potenziale per migliorare la propria competitivit\u00e0 attraverso l&#039;incorporazione delle ICT ed essere disposti a rispettare le condizioni stabilite dal Programma delle Camere ICT.<\/li>\n<li>Essere registrati nel censimento IAE, sezione 1: attivit\u00e0 imprenditoriali, industriali, commerciali e di servizi.<\/li>\n<li>Non essere soggetto ad alcuno dei divieti di cui all&#039;articolo 13 della Legge 38\/2003.<\/li>\n<\/ul>\n<p>Non perdere questa opportunit\u00e0 di fare un passo avanti verso efficienza e competitivit\u00e0. L&#039;ICT genera un beneficio economico diretto che ti consentir\u00e0 di aumentare le prestazioni e la produttivit\u00e0, risparmiando sui costi, poich\u00e9 otterrai una gestione molto pi\u00f9 efficiente dei diversi ambiti della tua attivit\u00e0: dalla gestione dei clienti alle campagne di marketing... qualsiasi ambito pu\u00f2 trarre vantaggio dalle nuove tecnologie e automatizzare le attivit\u00e0, risparmiando tempo e migliorando le relazioni con i clienti.<\/p>\n<h3>Quali servizi possono essere finanziati tramite TIC C\u00e1maras 2017?<\/h3>\n<ul>\n<li><strong>Progettazione web<\/strong>:Tutti sono presenti su Internet. Sarai l&#039;ultimo? Raggiungi ogni angolo del pianeta.<\/li>\n<li><strong>Negozio online<\/strong>: Moltiplica le tue vendite con un negozio online. L&#039;e-commerce \u00e8 la soluzione per il tuo progetto.<\/li>\n<li><strong>Telefonia IP<\/strong>: Sistema di chiamata digitale. Risparmia fino a 85% sulle comunicazioni rispetto alla telefonia tradizionale.<\/li>\n<li><strong>Progettazione del marchio \/ Identit\u00e0 aziendale<\/strong>: Metti in risalto il tocco pi\u00f9 attraente e professionale del tuo marchio che ti dar\u00e0 la spinta perfetta.<\/li>\n<li><strong>Marketing online<\/strong>: Posiziona il tuo sito web in cima, rimani aggiornato sui social media o ottimizza le tue campagne SEM.<\/li>\n<li><strong>Reti Wi-Fi<\/strong>: Installazione e configurazione di reti e server per il vostro posto di lavoro o per grandi data center.<\/li>\n<li><strong>Applicazioni mobili<\/strong>: Programmazione e sviluppo di app mobili personalizzate, qualunque siano le tue esigenze.<\/li>\n<li><strong>Servizi cloud<\/strong>: Backup, gestione dei documenti, CRM e molto altro sono ora disponibili ovunque.<\/li>\n<\/ul>\n<p><img loading=\"lazy\" decoding=\"async\" class=\"aligncenter size-full wp-image-3020\" src=\"https:\/\/grupoazulae.com\/wp-content\/uploads\/2017\/03\/og-programa-xpande-digital.jpg\" alt=\"Programma TIC Chambers 2017\" width=\"1200\" height=\"630\" \/><\/p>\n<h3>Quali sono i passaggi da seguire?<\/h3>\n<ol>\n<li><strong>Applicazione<\/strong>: Presentare la domanda, corredata della documentazione necessaria, alla Camera di Commercio di Badajoz secondo una delle modalit\u00e0 indicate nel Bando.<\/li>\n<li><strong>Analisi dei bisogni<\/strong>I consulenti tecnologici della Camera di Commercio di Badajoz analizzeranno il tuo attuale livello di utilizzo delle ICT e ti forniranno raccomandazioni strategiche per migliorare la tua azienda o attivit\u00e0 attraverso le nuove tecnologie.<\/li>\n<li><strong>Impianto<\/strong>: Contattaci per offrirti i servizi di cui hai bisogno. Possiamo occuparci di consigliarti fin dall&#039;inizio.<\/li>\n<\/ol>\n<h3>Quale documentazione deve essere presentata per il Programma ICT Chambers 2017?<\/h3>\n<p>Sebbene <strong>il periodo di registrazione non \u00e8 ancora aperto<\/strong>, i documenti che dovrai presentare come azienda saranno i seguenti:<\/p>\n<ul>\n<li>Certificato dell&#039;Agenzia delle Entrate Statale attestante che sei in regola con i tuoi obblighi (con menzione della Legge sulle Sovvenzioni).<\/li>\n<li>Certificato di previdenza sociale attestante che sei in regola con i tuoi obblighi (menzionando la legge sui sussidi).<\/li>\n<li>Dichiarazione giurata di conformit\u00e0 alle condizioni di partecipazione.<\/li>\n<li>Persona fisica, fotocopia del documento d&#039;identit\u00e0 del richiedente.<\/li>\n<\/ul>\n<p><strong>\u00c8 richiesta una fotocopia della persona giuridica:<\/strong><\/p>\n<ul>\n<li>Documento d&#039;identit\u00e0 del firmatario della domanda munito di poteri sufficienti.<\/li>\n<li>Tessera identificativa fiscale aziendale.<\/li>\n<li>Poteri di rappresentanza della persona che firma la domanda.<\/li>\n<\/ul>\n<p>NOTA: <a href=\"https:\/\/fondostic.com\/\">Ora puoi scaricare tutta la documentazione e ottenere maggiori informazioni qui.<\/a><br \/>\nLa nostra azienda opera sia nelle province dell&#039;Estremadura (Badajoz e C\u00e1ceres) che in Andalusia, in province come Siviglia, Cordova e Huelva. Per il nuovo bando del 2017 siamo gi\u00e0 pronti. \u00c8 la tua azienda? Se hai bisogno di ulteriore aiuto, <a title=\"Contattaci - Azulae\" href=\"https:\/\/grupoazulae.com\/it\/contatto\/\">contattaci<\/a> o chiamaci gratuitamente al <strong><a title=\"Chiama Azulae gratuitamente\" href=\"Tel: 900525277\" target=\"_blank\" rel=\"noopener noreferrer\">900 52 52 77<\/a><\/strong>.<\/p>","protected":false},"excerpt":{"rendered":"<p>\u00c8 arrivato il programma ICT Cameras 2017! Il 19 maggio, a partire dalle 9:00, verr\u00e0 annunciata la richiesta di aiuti finanziari della Camera di Commercio di Badajoz per migliorare le ICT (Tecnologie dell&#039;Informazione e della Comunicazione). I suoi programmi molto richiesti, InnoC\u00e1maras, ICT Chambers e Tourism, offrono aiuti finanziari [\u2026]<\/p>","protected":false},"author":1,"featured_media":3016,"comment_status":"closed","ping_status":"open","sticky":false,"template":"","format":"standard","meta":{"inline_featured_image":false,"footnotes":""},"categories":[17],"tags":[38,24,39,40,41,42],"class_list":["post-3002","post","type-post","status-publish","format-standard","has-post-thumbnail","hentry","category-grupo-azulae","tag-ayudas-economicas","tag-azulae","tag-badajoz","tag-caceres","tag-camara-de-comercio","tag-tic-camaras-2017"],"yoast_head":"<!-- This site is optimized with the Yoast SEO plugin v26.6 - https:\/\/yoast.com\/wordpress\/plugins\/seo\/ -->\n<title>Programa TIC C\u00e1maras 2017: C\u00f3mo solicitar las ayudas - azulae<\/title>\n<meta name=\"description\" content=\"Toda la informaci\u00f3n que necesitas saber para el Programa TIC C\u00e1maras 2017. Trae tu proyecto a azulae y nos encargaremos de \u00e9l de principio a fin.\" \/>\n<meta name=\"robots\" content=\"index, follow, max-snippet:-1, max-image-preview:large, max-video-preview:-1\" \/>\n<link rel=\"canonical\" href=\"https:\/\/grupoazulae.com\/it\/gruppo-azulae\/telecamere-tic-2017\/\" \/>\n<meta property=\"og:locale\" content=\"it_IT\" \/>\n<meta property=\"og:type\" content=\"article\" \/>\n<meta property=\"og:title\" content=\"Programa TIC C\u00e1maras 2017: C\u00f3mo solicitar las ayudas - azulae\" \/>\n<meta property=\"og:description\" content=\"Toda la informaci\u00f3n que necesitas saber para el Programa TIC C\u00e1maras 2017. Trae tu proyecto a azulae y nos encargaremos de \u00e9l de principio a fin.\" \/>\n<meta property=\"og:url\" content=\"https:\/\/grupoazulae.com\/it\/gruppo-azulae\/telecamere-tic-2017\/\" \/>\n<meta property=\"og:site_name\" content=\"Grupo Azulae\" \/>\n<meta property=\"article:publisher\" content=\"https:\/\/www.facebook.com\/grupoazulae\/\" \/>\n<meta property=\"article:published_time\" content=\"2017-03-28T07:30:30+00:00\" \/>\n<meta property=\"article:modified_time\" content=\"2021-07-09T11:22:55+00:00\" \/>\n<meta name=\"author\" content=\"admin\" \/>\n<meta name=\"twitter:card\" content=\"summary_large_image\" \/>\n<meta name=\"twitter:creator\" content=\"@GrupoAzulae\" \/>\n<meta name=\"twitter:site\" content=\"@GrupoAzulae\" \/>\n<meta name=\"twitter:label1\" content=\"Scritto da\" \/>\n\t<meta name=\"twitter:data1\" content=\"admin\" \/>\n\t<meta name=\"twitter:label2\" content=\"Tempo di lettura stimato\" \/>\n\t<meta name=\"twitter:data2\" content=\"5 minuti\" \/>\n<script type=\"application\/ld+json\" class=\"yoast-schema-graph\">{\"@context\":\"https:\/\/schema.org\",\"@graph\":[{\"@type\":\"Article\",\"@id\":\"https:\/\/grupoazulae.com\/grupo-azulae\/tic-camaras-2017\/#article\",\"isPartOf\":{\"@id\":\"https:\/\/grupoazulae.com\/grupo-azulae\/tic-camaras-2017\/\"},\"author\":{\"name\":\"admin\",\"@id\":\"https:\/\/grupoazulae.com\/#\/schema\/person\/a36321cd555b65a613c0db3236870041\"},\"headline\":\"Programa TIC C\u00e1maras 2017\",\"datePublished\":\"2017-03-28T07:30:30+00:00\",\"dateModified\":\"2021-07-09T11:22:55+00:00\",\"mainEntityOfPage\":{\"@id\":\"https:\/\/grupoazulae.com\/grupo-azulae\/tic-camaras-2017\/\"},\"wordCount\":1102,\"publisher\":{\"@id\":\"https:\/\/grupoazulae.com\/#organization\"},\"image\":{\"@id\":\"https:\/\/grupoazulae.com\/grupo-azulae\/tic-camaras-2017\/#primaryimage\"},\"thumbnailUrl\":\"\",\"keywords\":[\"ayudas econ\u00f3micas\",\"azulae\",\"badajoz\",\"c\u00e1ceres\",\"c\u00e1mara de comercio\",\"tic c\u00e1maras 2017\"],\"articleSection\":[\"Grupo Azulae\"],\"inLanguage\":\"it-IT\"},{\"@type\":\"WebPage\",\"@id\":\"https:\/\/grupoazulae.com\/grupo-azulae\/tic-camaras-2017\/\",\"url\":\"https:\/\/grupoazulae.com\/grupo-azulae\/tic-camaras-2017\/\",\"name\":\"Programa TIC C\u00e1maras 2017: C\u00f3mo solicitar las ayudas - azulae\",\"isPartOf\":{\"@id\":\"https:\/\/grupoazulae.com\/#website\"},\"primaryImageOfPage\":{\"@id\":\"https:\/\/grupoazulae.com\/grupo-azulae\/tic-camaras-2017\/#primaryimage\"},\"image\":{\"@id\":\"https:\/\/grupoazulae.com\/grupo-azulae\/tic-camaras-2017\/#primaryimage\"},\"thumbnailUrl\":\"\",\"datePublished\":\"2017-03-28T07:30:30+00:00\",\"dateModified\":\"2021-07-09T11:22:55+00:00\",\"description\":\"Toda la informaci\u00f3n que necesitas saber para el Programa TIC C\u00e1maras 2017. Trae tu proyecto a azulae y nos encargaremos de \u00e9l de principio a fin.\",\"breadcrumb\":{\"@id\":\"https:\/\/grupoazulae.com\/grupo-azulae\/tic-camaras-2017\/#breadcrumb\"},\"inLanguage\":\"it-IT\",\"potentialAction\":[{\"@type\":\"ReadAction\",\"target\":[\"https:\/\/grupoazulae.com\/grupo-azulae\/tic-camaras-2017\/\"]}]},{\"@type\":\"ImageObject\",\"inLanguage\":\"it-IT\",\"@id\":\"https:\/\/grupoazulae.com\/grupo-azulae\/tic-camaras-2017\/#primaryimage\",\"url\":\"\",\"contentUrl\":\"\"},{\"@type\":\"BreadcrumbList\",\"@id\":\"https:\/\/grupoazulae.com\/grupo-azulae\/tic-camaras-2017\/#breadcrumb\",\"itemListElement\":[{\"@type\":\"ListItem\",\"position\":1,\"name\":\"Portada\",\"item\":\"https:\/\/grupoazulae.com\/\"},{\"@type\":\"ListItem\",\"position\":2,\"name\":\"Programa TIC C\u00e1maras 2017\"}]},{\"@type\":\"WebSite\",\"@id\":\"https:\/\/grupoazulae.com\/#website\",\"url\":\"https:\/\/grupoazulae.com\/\",\"name\":\"Grupo Azulae\",\"description\":\"Loving Tech\",\"publisher\":{\"@id\":\"https:\/\/grupoazulae.com\/#organization\"},\"potentialAction\":[{\"@type\":\"SearchAction\",\"target\":{\"@type\":\"EntryPoint\",\"urlTemplate\":\"https:\/\/grupoazulae.com\/?s={search_term_string}\"},\"query-input\":{\"@type\":\"PropertyValueSpecification\",\"valueRequired\":true,\"valueName\":\"search_term_string\"}}],\"inLanguage\":\"it-IT\"},{\"@type\":\"Organization\",\"@id\":\"https:\/\/grupoazulae.com\/#organization\",\"name\":\"Grupo Azulae\",\"url\":\"https:\/\/grupoazulae.com\/\",\"logo\":{\"@type\":\"ImageObject\",\"inLanguage\":\"it-IT\",\"@id\":\"https:\/\/grupoazulae.com\/#\/schema\/logo\/image\/\",\"url\":\"https:\/\/grupoazulae.com\/wp-content\/uploads\/2020\/01\/logohead2.png\",\"contentUrl\":\"https:\/\/grupoazulae.com\/wp-content\/uploads\/2020\/01\/logohead2.png\",\"width\":600,\"height\":254,\"caption\":\"Grupo Azulae\"},\"image\":{\"@id\":\"https:\/\/grupoazulae.com\/#\/schema\/logo\/image\/\"},\"sameAs\":[\"https:\/\/www.facebook.com\/grupoazulae\/\",\"https:\/\/x.com\/GrupoAzulae\",\"https:\/\/www.linkedin.com\/company\/azulae\/\"]},{\"@type\":\"Person\",\"@id\":\"https:\/\/grupoazulae.com\/#\/schema\/person\/a36321cd555b65a613c0db3236870041\",\"name\":\"admin\",\"image\":{\"@type\":\"ImageObject\",\"inLanguage\":\"it-IT\",\"@id\":\"https:\/\/grupoazulae.com\/#\/schema\/person\/image\/\",\"url\":\"https:\/\/secure.gravatar.com\/avatar\/158bcb11042f9b372d52218aa5510674159de6c7d90d996f0579d75d77fe136d?s=96&d=mm&r=g\",\"contentUrl\":\"https:\/\/secure.gravatar.com\/avatar\/158bcb11042f9b372d52218aa5510674159de6c7d90d996f0579d75d77fe136d?s=96&d=mm&r=g\",\"caption\":\"admin\"}}]}<\/script>\n<!-- \/ Yoast SEO plugin. -->","yoast_head_json":{"title":"Programma ICT Chambers 2017: come richiedere sovvenzioni - azulae","description":"Tutte le informazioni di cui hai bisogno per il programma ICT Cameras 2017. Porta il tuo progetto ad azulae e noi ce ne occuperemo dall&#039;inizio alla fine.","robots":{"index":"index","follow":"follow","max-snippet":"max-snippet:-1","max-image-preview":"max-image-preview:large","max-video-preview":"max-video-preview:-1"},"canonical":"https:\/\/grupoazulae.com\/it\/gruppo-azulae\/telecamere-tic-2017\/","og_locale":"it_IT","og_type":"article","og_title":"Programa TIC C\u00e1maras 2017: C\u00f3mo solicitar las ayudas - azulae","og_description":"Toda la informaci\u00f3n que necesitas saber para el Programa TIC C\u00e1maras 2017. Trae tu proyecto a azulae y nos encargaremos de \u00e9l de principio a fin.","og_url":"https:\/\/grupoazulae.com\/it\/gruppo-azulae\/telecamere-tic-2017\/","og_site_name":"Grupo Azulae","article_publisher":"https:\/\/www.facebook.com\/grupoazulae\/","article_published_time":"2017-03-28T07:30:30+00:00","article_modified_time":"2021-07-09T11:22:55+00:00","author":"admin","twitter_card":"summary_large_image","twitter_creator":"@GrupoAzulae","twitter_site":"@GrupoAzulae","twitter_misc":{"Scritto da":"admin","Tempo di lettura stimato":"5 minuti"},"schema":{"@context":"https:\/\/schema.org","@graph":[{"@type":"Article","@id":"https:\/\/grupoazulae.com\/grupo-azulae\/tic-camaras-2017\/#article","isPartOf":{"@id":"https:\/\/grupoazulae.com\/grupo-azulae\/tic-camaras-2017\/"},"author":{"name":"admin","@id":"https:\/\/grupoazulae.com\/#\/schema\/person\/a36321cd555b65a613c0db3236870041"},"headline":"Programa TIC C\u00e1maras 2017","datePublished":"2017-03-28T07:30:30+00:00","dateModified":"2021-07-09T11:22:55+00:00","mainEntityOfPage":{"@id":"https:\/\/grupoazulae.com\/grupo-azulae\/tic-camaras-2017\/"},"wordCount":1102,"publisher":{"@id":"https:\/\/grupoazulae.com\/#organization"},"image":{"@id":"https:\/\/grupoazulae.com\/grupo-azulae\/tic-camaras-2017\/#primaryimage"},"thumbnailUrl":"","keywords":["ayudas econ\u00f3micas","azulae","badajoz","c\u00e1ceres","c\u00e1mara de comercio","tic c\u00e1maras 2017"],"articleSection":["Grupo Azulae"],"inLanguage":"it-IT"},{"@type":"WebPage","@id":"https:\/\/grupoazulae.com\/grupo-azulae\/tic-camaras-2017\/","url":"https:\/\/grupoazulae.com\/grupo-azulae\/tic-camaras-2017\/","name":"Programma ICT Chambers 2017: come richiedere sovvenzioni - azulae","isPartOf":{"@id":"https:\/\/grupoazulae.com\/#website"},"primaryImageOfPage":{"@id":"https:\/\/grupoazulae.com\/grupo-azulae\/tic-camaras-2017\/#primaryimage"},"image":{"@id":"https:\/\/grupoazulae.com\/grupo-azulae\/tic-camaras-2017\/#primaryimage"},"thumbnailUrl":"","datePublished":"2017-03-28T07:30:30+00:00","dateModified":"2021-07-09T11:22:55+00:00","description":"Tutte le informazioni di cui hai bisogno per il programma ICT Cameras 2017. Porta il tuo progetto ad azulae e noi ce ne occuperemo dall&#039;inizio alla fine.","breadcrumb":{"@id":"https:\/\/grupoazulae.com\/grupo-azulae\/tic-camaras-2017\/#breadcrumb"},"inLanguage":"it-IT","potentialAction":[{"@type":"ReadAction","target":["https:\/\/grupoazulae.com\/grupo-azulae\/tic-camaras-2017\/"]}]},{"@type":"ImageObject","inLanguage":"it-IT","@id":"https:\/\/grupoazulae.com\/grupo-azulae\/tic-camaras-2017\/#primaryimage","url":"","contentUrl":""},{"@type":"BreadcrumbList","@id":"https:\/\/grupoazulae.com\/grupo-azulae\/tic-camaras-2017\/#breadcrumb","itemListElement":[{"@type":"ListItem","position":1,"name":"Portada","item":"https:\/\/grupoazulae.com\/"},{"@type":"ListItem","position":2,"name":"Programa TIC C\u00e1maras 2017"}]},{"@type":"WebSite","@id":"https:\/\/grupoazulae.com\/#website","url":"https:\/\/grupoazulae.com\/","name":"Gruppo Azulae","description":"Amare la tecnologia","publisher":{"@id":"https:\/\/grupoazulae.com\/#organization"},"potentialAction":[{"@type":"SearchAction","target":{"@type":"EntryPoint","urlTemplate":"https:\/\/grupoazulae.com\/?s={search_term_string}"},"query-input":{"@type":"PropertyValueSpecification","valueRequired":true,"valueName":"search_term_string"}}],"inLanguage":"it-IT"},{"@type":"Organization","@id":"https:\/\/grupoazulae.com\/#organization","name":"Gruppo Azulae","url":"https:\/\/grupoazulae.com\/","logo":{"@type":"ImageObject","inLanguage":"it-IT","@id":"https:\/\/grupoazulae.com\/#\/schema\/logo\/image\/","url":"https:\/\/grupoazulae.com\/wp-content\/uploads\/2020\/01\/logohead2.png","contentUrl":"https:\/\/grupoazulae.com\/wp-content\/uploads\/2020\/01\/logohead2.png","width":600,"height":254,"caption":"Grupo Azulae"},"image":{"@id":"https:\/\/grupoazulae.com\/#\/schema\/logo\/image\/"},"sameAs":["https:\/\/www.facebook.com\/grupoazulae\/","https:\/\/x.com\/GrupoAzulae","https:\/\/www.linkedin.com\/company\/azulae\/"]},{"@type":"Person","@id":"https:\/\/grupoazulae.com\/#\/schema\/person\/a36321cd555b65a613c0db3236870041","name":"amministratore","image":{"@type":"ImageObject","inLanguage":"it-IT","@id":"https:\/\/grupoazulae.com\/#\/schema\/person\/image\/","url":"https:\/\/secure.gravatar.com\/avatar\/158bcb11042f9b372d52218aa5510674159de6c7d90d996f0579d75d77fe136d?s=96&d=mm&r=g","contentUrl":"https:\/\/secure.gravatar.com\/avatar\/158bcb11042f9b372d52218aa5510674159de6c7d90d996f0579d75d77fe136d?s=96&d=mm&r=g","caption":"admin"}}]}},"_links":{"self":[{"href":"https:\/\/grupoazulae.com\/it\/wp-json\/wp\/v2\/posts\/3002","targetHints":{"allow":["GET"]}}],"collection":[{"href":"https:\/\/grupoazulae.com\/it\/wp-json\/wp\/v2\/posts"}],"about":[{"href":"https:\/\/grupoazulae.com\/it\/wp-json\/wp\/v2\/types\/post"}],"author":[{"embeddable":true,"href":"https:\/\/grupoazulae.com\/it\/wp-json\/wp\/v2\/users\/1"}],"replies":[{"embeddable":true,"href":"https:\/\/grupoazulae.com\/it\/wp-json\/wp\/v2\/comments?post=3002"}],"version-history":[{"count":0,"href":"https:\/\/grupoazulae.com\/it\/wp-json\/wp\/v2\/posts\/3002\/revisions"}],"wp:featuredmedia":[{"embeddable":true,"href":"https:\/\/grupoazulae.com\/it\/wp-json\/"}],"wp:attachment":[{"href":"https:\/\/grupoazulae.com\/it\/wp-json\/wp\/v2\/media?parent=3002"}],"wp:term":[{"taxonomy":"category","embeddable":true,"href":"https:\/\/grupoazulae.com\/it\/wp-json\/wp\/v2\/categories?post=3002"},{"taxonomy":"post_tag","embeddable":true,"href":"https:\/\/grupoazulae.com\/it\/wp-json\/wp\/v2\/tags?post=3002"}],"curies":[{"name":"wp","href":"https:\/\/api.w.org\/{rel}","templated":true}]}}